{"id":4213,"date":"2022-07-26T07:23:51","date_gmt":"2022-07-26T05:23:51","guid":{"rendered":"https:\/\/vi2vals-immigration.ca\/?p=4213"},"modified":"2022-08-09T07:51:04","modified_gmt":"2022-08-09T05:51:04","slug":"un-nouveau-bureau-de-visas-canadiens-a-yaounde-cameroun-pourrait-etre-ouvert","status":"publish","type":"post","link":"https:\/\/vi2vals-immigration.ca\/en\/un-nouveau-bureau-de-visas-canadiens-a-yaounde-cameroun-pourrait-etre-ouvert\/","title":{"rendered":"Un nouveau\u00a0 bureau de visas canadiens \u00e0  Yaound\u00e9 (Cameroun) pourrait \u00eatre ouvert"},"content":{"rendered":"<div data-elementor-type=\"wp-post\" data-elementor-id=\"4213\" class=\"elementor elementor-4213\">\n\t\t\t\t\t\t\t\t\t<section data-particle_enable=\"false\" data-particle-mobile-disabled=\"false\" class=\"elementor-section elementor-top-section elementor-element elementor-element-02744df elementor-section-boxed elementor-section-height-default elementor-section-height-default\" data-id=\"02744df\" data-element_type=\"section\">\n\t\t\t\t\t\t<div class=\"elementor-container elementor-column-gap-default\">\n\t\t\t\t\t<div class=\"elementor-column elementor-col-100 elementor-top-column elementor-element elementor-element-3fb24ef\" data-id=\"3fb24ef\" data-element_type=\"column\">\n\t\t\t<div class=\"elementor-widget-wrap elementor-element-populated\">\n\t\t\t\t\t\t\t\t<div class=\"elementor-element elementor-element-d8104bc elementor-widget elementor-widget-text-editor\" data-id=\"d8104bc\" data-element_type=\"widget\" data-widget_type=\"text-editor.default\">\n\t\t\t\t<div class=\"elementor-widget-container\">\n\t\t\t<style>\/*! elementor - v3.11.0 - 13-02-2023 *\/\n.elementor-widget-text-editor.elementor-drop-cap-view-stacked .elementor-drop-cap{background-color:#818a91;color:#fff}.elementor-widget-text-editor.elementor-drop-cap-view-framed .elementor-drop-cap{color:#818a91;border:3px solid;background-color:transparent}.elementor-widget-text-editor:not(.elementor-drop-cap-view-default) .elementor-drop-cap{margin-top:8px}.elementor-widget-text-editor:not(.elementor-drop-cap-view-default) .elementor-drop-cap-letter{width:1em;height:1em}.elementor-widget-text-editor .elementor-drop-cap{float:left;text-align:center;line-height:1;font-size:50px}.elementor-widget-text-editor .elementor-drop-cap-letter{display:inline-block}<\/style>\t\t\t\t<p style=\"margin:0px; padding-bottom: 8px;\">Sub-Saharan Africa could now host a second visa processing office, after the one in Dakar, Senegal. For several months now, this part of the world has been experiencing delays in processing immigration files.According<span style=\"color: #000000;\"><b> to the \"Liberty Journal\"<\/b><\/span>many applicants for French-speaking permanent residence or study permits are complaining about processing delays of up to 48 months for permanent residence.<\/p>\n<p style=\"margin:0px; padding-bottom: 8px;\"> In response to these complaints, the Department of Immigration cited the reason for the pandemic, to justify these processing times. Addressing <span style=\"color: #000000;\"><b>Francopresse<\/b><\/span>, Aidan Strickland, Press Secretary to Minister Sean Fraser, said: \u00ab <span style=\"font-style: italic\"> Travel restrictions for most of 2020 and 2021 delayed the processing of overseas applications, resulting in a growing processing inventory.<\/span> \u00bb .<\/p>\n<p style=\"margin:0px; padding-bottom: 8px;\"> In this context, the F\u00e9d\u00e9ration des communaut\u00e9s francophones et acadiennes (FCFA) had clearly asked in February 2022 for the opening of a second visa office in sub-Saharan Africa, the paper said. This application has been received and processed as the Minister of Immigration, Refugees and Citizenship Canada <span style=\"color: #000000;\"><b>(IRCC) Sean Fraser<\/b><\/span>, reportedly informally announced the opening of a visa office in Yaound\u00e9, the capital of Cameroon. This new office will \" <span style=\"font-style: italic\"> improve the processing of applications for West and Central Africa, in both official languages\u201d, and will also be \u201ca great opportunity to increase the number of newcomers from West Africa\u201d and \u201crecruit students who speak French<\/span> \u201d said the Minister. However, the timeframe for opening this office is not yet known.<\/p>\n<p style=\"margin:0px; padding-bottom: 8px;\"> However, <a href=\"https:\/\/vi2vals-immigration.ca\/en\/la-reprise-des-invitations-entree-express\/\">after the resumption of invitations for express entry on 06 July<\/a>, this new announcement provides some relief for future Canadian immigration applicants from sub-Saharan Africa.<\/p>\n<p style=\"margin:0px; padding-bottom: 8px;\"> One should also note that <a href=\"https:\/\/www.facebook.com\/Vi2ValsImmigration\/photos\/a.1747865125326595\/5248533941926345\">  the second session of Express Entry invitations <\/a> held on July 20, 2022. 1,750 invitations were sent to candidates whose lowest ranked candidates were expected to have 542 points. This is an increase of 250 invitations sent against a decrease of 15 points in the required minimum score compared to the draw of July 06.<\/p>\n<p style=\"margin:0px; padding-bottom: 8px;\"> If you want to immigrate to Canada, the firm <a href=\"https:\/\/vi2vals-immigration.ca\/en\/contact\/\"> Vi2vals immigration<\/a> will be happy to accompany you throughout your process from A to Z. <\/p>\t\t\t\t\t\t<\/div>\n\t\t\t\t<\/div>\n\t\t\t\t\t<\/div>\n\t\t<\/div>\n\t\t\t\t\t\t\t<\/div>\n\t\t<\/section>\n\t\t\t\t\t\t\t<\/div>","protected":false},"excerpt":{"rendered":"<p>L\u2019Afrique subsaharienne pourrait d\u00e9sormais abriter un deuxi\u00e8me bureau de traitement des demandes de visas, apr\u00e8s celui de Dakar au S\u00e9n\u00e9gal. En effet, depuis plusieurs mois, cette partie du monde connait des lenteurs dans le traitement des dossiers d\u2019immigration. D\u2019apr\u00e8s le Journal La Libert\u00e9, plusieurs candidats \u00e0 la r\u00e9sidence permanente francophone ou encore au permis d\u2019\u00e9tudes d\u00e9noncent des d\u00e9lais de traitement des dossiers qui vont jusqu\u2019\u00e0 plus de 48 mois pour la r\u00e9sidence permanente.<\/p>","protected":false},"author":1,"featured_media":4224,"comment_status":"closed","ping_status":"closed","sticky":false,"template":"","format":"standard","meta":{"footnotes":""},"categories":[3],"tags":[],"class_list":["post-4213","post","type-post","status-publish","format-standard","has-post-thumbnail","hentry","category-immigration"],"yoast_head":"<!-- This site is optimized with the Yoast SEO plugin v20.1 - https:\/\/yoast.com\/wordpress\/plugins\/seo\/ -->\n<title>Un nouveau\u00a0 bureau de visas canadiens \u00e0 Yaound\u00e9 (Cameroun) pourrait \u00eatre ouvert - Vi2vals-Immigration<\/title>\n<meta name=\"robots\" content=\"index, follow, max-snippet:-1, max-image-preview:large, max-video-preview:-1\" \/>\n<link rel=\"canonical\" href=\"https:\/\/vi2vals-immigration.ca\/en\/un-nouveau-bureau-de-visas-canadiens-a-yaounde-cameroun-pourrait-etre-ouvert\/\" \/>\n<meta property=\"og:locale\" content=\"en_GB\" \/>\n<meta property=\"og:type\" content=\"article\" \/>\n<meta property=\"og:title\" content=\"Un nouveau\u00a0 bureau de visas canadiens \u00e0 Yaound\u00e9 (Cameroun) pourrait \u00eatre ouvert - Vi2vals-Immigration\" \/>\n<meta property=\"og:description\" content=\"L\u2019Afrique subsaharienne pourrait d\u00e9sormais abriter un deuxi\u00e8me bureau de traitement des demandes de visas, apr\u00e8s celui de Dakar au S\u00e9n\u00e9gal. En effet, depuis plusieurs mois, cette partie du monde connait des lenteurs dans le traitement des dossiers d\u2019immigration. D\u2019apr\u00e8s le Journal La Libert\u00e9, plusieurs candidats \u00e0 la r\u00e9sidence permanente francophone ou encore au permis d\u2019\u00e9tudes d\u00e9noncent des d\u00e9lais de traitement des dossiers qui vont jusqu\u2019\u00e0 plus de 48 mois pour la r\u00e9sidence permanente.\" \/>\n<meta property=\"og:url\" content=\"https:\/\/vi2vals-immigration.ca\/en\/un-nouveau-bureau-de-visas-canadiens-a-yaounde-cameroun-pourrait-etre-ouvert\/\" \/>\n<meta property=\"og:site_name\" content=\"Vi2vals-Immigration\" \/>\n<meta property=\"article:publisher\" content=\"https:\/\/www.facebook.com\/Vi2ValsImmigration\" \/>\n<meta property=\"article:published_time\" content=\"2022-07-26T05:23:51+00:00\" \/>\n<meta property=\"article:modified_time\" content=\"2022-08-09T05:51:04+00:00\" \/>\n<meta property=\"og:image\" content=\"https:\/\/vi2vals-immigration.ca\/wp-content\/uploads\/2022\/07\/canadian-office.png\" \/>\n\t<meta property=\"og:image:width\" content=\"1920\" \/>\n\t<meta property=\"og:image:height\" content=\"485\" \/>\n\t<meta property=\"og:image:type\" content=\"image\/png\" \/>\n<meta name=\"author\" content=\"vi2vals\" \/>\n<meta name=\"twitter:card\" content=\"summary_large_image\" \/>\n<meta name=\"twitter:label1\" content=\"Written by\" \/>\n\t<meta name=\"twitter:data1\" content=\"vi2vals\" \/>\n\t<meta name=\"twitter:label2\" content=\"Estimated reading time\" \/>\n\t<meta name=\"twitter:data2\" content=\"2 minutes\" \/>\n<script type=\"application\/ld+json\" class=\"yoast-schema-graph\">{\"@context\":\"https:\/\/schema.org\",\"@graph\":[{\"@type\":\"Article\",\"@id\":\"https:\/\/vi2vals-immigration.ca\/un-nouveau-bureau-de-visas-canadiens-a-yaounde-cameroun-pourrait-etre-ouvert\/#article\",\"isPartOf\":{\"@id\":\"https:\/\/vi2vals-immigration.ca\/un-nouveau-bureau-de-visas-canadiens-a-yaounde-cameroun-pourrait-etre-ouvert\/\"},\"author\":{\"name\":\"vi2vals\",\"@id\":\"https:\/\/vi2vals-immigration.ca\/#\/schema\/person\/12a624fbb6d317f2baeb90f2de4637fa\"},\"headline\":\"Un nouveau\u00a0 bureau de visas canadiens \u00e0 Yaound\u00e9 (Cameroun) pourrait \u00eatre ouvert\",\"datePublished\":\"2022-07-26T05:23:51+00:00\",\"dateModified\":\"2022-08-09T05:51:04+00:00\",\"mainEntityOfPage\":{\"@id\":\"https:\/\/vi2vals-immigration.ca\/un-nouveau-bureau-de-visas-canadiens-a-yaounde-cameroun-pourrait-etre-ouvert\/\"},\"wordCount\":444,\"publisher\":{\"@id\":\"https:\/\/vi2vals-immigration.ca\/#organization\"},\"articleSection\":[\"Immigration\"],\"inLanguage\":\"en-GB\"},{\"@type\":\"WebPage\",\"@id\":\"https:\/\/vi2vals-immigration.ca\/un-nouveau-bureau-de-visas-canadiens-a-yaounde-cameroun-pourrait-etre-ouvert\/\",\"url\":\"https:\/\/vi2vals-immigration.ca\/un-nouveau-bureau-de-visas-canadiens-a-yaounde-cameroun-pourrait-etre-ouvert\/\",\"name\":\"Un nouveau\u00a0 bureau de visas canadiens \u00e0 Yaound\u00e9 (Cameroun) pourrait \u00eatre ouvert - Vi2vals-Immigration\",\"isPartOf\":{\"@id\":\"https:\/\/vi2vals-immigration.ca\/#website\"},\"datePublished\":\"2022-07-26T05:23:51+00:00\",\"dateModified\":\"2022-08-09T05:51:04+00:00\",\"breadcrumb\":{\"@id\":\"https:\/\/vi2vals-immigration.ca\/un-nouveau-bureau-de-visas-canadiens-a-yaounde-cameroun-pourrait-etre-ouvert\/#breadcrumb\"},\"inLanguage\":\"en-GB\",\"potentialAction\":[{\"@type\":\"ReadAction\",\"target\":[\"https:\/\/vi2vals-immigration.ca\/un-nouveau-bureau-de-visas-canadiens-a-yaounde-cameroun-pourrait-etre-ouvert\/\"]}]},{\"@type\":\"BreadcrumbList\",\"@id\":\"https:\/\/vi2vals-immigration.ca\/un-nouveau-bureau-de-visas-canadiens-a-yaounde-cameroun-pourrait-etre-ouvert\/#breadcrumb\",\"itemListElement\":[{\"@type\":\"ListItem\",\"position\":1,\"name\":\"Accueil\",\"item\":\"https:\/\/vi2vals-immigration.ca\/\"},{\"@type\":\"ListItem\",\"position\":2,\"name\":\"Un nouveau\u00a0 bureau de visas canadiens \u00e0 Yaound\u00e9 (Cameroun) pourrait \u00eatre ouvert\"}]},{\"@type\":\"WebSite\",\"@id\":\"https:\/\/vi2vals-immigration.ca\/#website\",\"url\":\"https:\/\/vi2vals-immigration.ca\/\",\"name\":\"Vi2vals-Immigration\",\"description\":\"votre projet de A \u00e0 Z\",\"publisher\":{\"@id\":\"https:\/\/vi2vals-immigration.ca\/#organization\"},\"potentialAction\":[{\"@type\":\"SearchAction\",\"target\":{\"@type\":\"EntryPoint\",\"urlTemplate\":\"https:\/\/vi2vals-immigration.ca\/?s={search_term_string}\"},\"query-input\":\"required name=search_term_string\"}],\"inLanguage\":\"en-GB\"},{\"@type\":\"Organization\",\"@id\":\"https:\/\/vi2vals-immigration.ca\/#organization\",\"name\":\"Vi2vals Immigration Inc.\",\"url\":\"https:\/\/vi2vals-immigration.ca\/\",\"logo\":{\"@type\":\"ImageObject\",\"inLanguage\":\"en-GB\",\"@id\":\"https:\/\/vi2vals-immigration.ca\/#\/schema\/logo\/image\/\",\"url\":\"https:\/\/vi2vals-immigration.ca\/wp-content\/uploads\/2022\/01\/logoSEO.jpeg\",\"contentUrl\":\"https:\/\/vi2vals-immigration.ca\/wp-content\/uploads\/2022\/01\/logoSEO.jpeg\",\"width\":363,\"height\":363,\"caption\":\"Vi2vals Immigration Inc.\"},\"image\":{\"@id\":\"https:\/\/vi2vals-immigration.ca\/#\/schema\/logo\/image\/\"},\"sameAs\":[\"https:\/\/www.facebook.com\/Vi2ValsImmigration\"]},{\"@type\":\"Person\",\"@id\":\"https:\/\/vi2vals-immigration.ca\/#\/schema\/person\/12a624fbb6d317f2baeb90f2de4637fa\",\"name\":\"vi2vals\",\"image\":{\"@type\":\"ImageObject\",\"inLanguage\":\"en-GB\",\"@id\":\"https:\/\/vi2vals-immigration.ca\/#\/schema\/person\/image\/\",\"url\":\"https:\/\/secure.gravatar.com\/avatar\/6209a4e166c2891a99b275cddfee1957957e3b18efa72460138eed412da0ea55?s=96&d=mm&r=g\",\"contentUrl\":\"https:\/\/secure.gravatar.com\/avatar\/6209a4e166c2891a99b275cddfee1957957e3b18efa72460138eed412da0ea55?s=96&d=mm&r=g\",\"caption\":\"vi2vals\"},\"sameAs\":[\"https:\/\/vi2vals-immigration.ca\"],\"url\":\"https:\/\/vi2vals-immigration.ca\/en\/author\/vi2vals\/\"}]}<\/script>\n<!-- \/ Yoast SEO plugin. -->","yoast_head_json":{"title":"Un nouveau\u00a0 bureau de visas canadiens \u00e0 Yaound\u00e9 (Cameroun) pourrait \u00eatre ouvert - Vi2vals-Immigration","robots":{"index":"index","follow":"follow","max-snippet":"max-snippet:-1","max-image-preview":"max-image-preview:large","max-video-preview":"max-video-preview:-1"},"canonical":"https:\/\/vi2vals-immigration.ca\/en\/un-nouveau-bureau-de-visas-canadiens-a-yaounde-cameroun-pourrait-etre-ouvert\/","og_locale":"en_GB","og_type":"article","og_title":"Un nouveau\u00a0 bureau de visas canadiens \u00e0 Yaound\u00e9 (Cameroun) pourrait \u00eatre ouvert - Vi2vals-Immigration","og_description":"L\u2019Afrique subsaharienne pourrait d\u00e9sormais abriter un deuxi\u00e8me bureau de traitement des demandes de visas, apr\u00e8s celui de Dakar au S\u00e9n\u00e9gal. En effet, depuis plusieurs mois, cette partie du monde connait des lenteurs dans le traitement des dossiers d\u2019immigration. D\u2019apr\u00e8s le Journal La Libert\u00e9, plusieurs candidats \u00e0 la r\u00e9sidence permanente francophone ou encore au permis d\u2019\u00e9tudes d\u00e9noncent des d\u00e9lais de traitement des dossiers qui vont jusqu\u2019\u00e0 plus de 48 mois pour la r\u00e9sidence permanente.","og_url":"https:\/\/vi2vals-immigration.ca\/en\/un-nouveau-bureau-de-visas-canadiens-a-yaounde-cameroun-pourrait-etre-ouvert\/","og_site_name":"Vi2vals-Immigration","article_publisher":"https:\/\/www.facebook.com\/Vi2ValsImmigration","article_published_time":"2022-07-26T05:23:51+00:00","article_modified_time":"2022-08-09T05:51:04+00:00","og_image":[{"width":1920,"height":485,"url":"https:\/\/vi2vals-immigration.ca\/wp-content\/uploads\/2022\/07\/canadian-office.png","type":"image\/png"}],"author":"vi2vals","twitter_card":"summary_large_image","twitter_misc":{"Written by":"vi2vals","Estimated reading time":"2 minutes"},"schema":{"@context":"https:\/\/schema.org","@graph":[{"@type":"Article","@id":"https:\/\/vi2vals-immigration.ca\/un-nouveau-bureau-de-visas-canadiens-a-yaounde-cameroun-pourrait-etre-ouvert\/#article","isPartOf":{"@id":"https:\/\/vi2vals-immigration.ca\/un-nouveau-bureau-de-visas-canadiens-a-yaounde-cameroun-pourrait-etre-ouvert\/"},"author":{"name":"vi2vals","@id":"https:\/\/vi2vals-immigration.ca\/#\/schema\/person\/12a624fbb6d317f2baeb90f2de4637fa"},"headline":"Un nouveau\u00a0 bureau de visas canadiens \u00e0 Yaound\u00e9 (Cameroun) pourrait \u00eatre ouvert","datePublished":"2022-07-26T05:23:51+00:00","dateModified":"2022-08-09T05:51:04+00:00","mainEntityOfPage":{"@id":"https:\/\/vi2vals-immigration.ca\/un-nouveau-bureau-de-visas-canadiens-a-yaounde-cameroun-pourrait-etre-ouvert\/"},"wordCount":444,"publisher":{"@id":"https:\/\/vi2vals-immigration.ca\/#organization"},"articleSection":["Immigration"],"inLanguage":"en-GB"},{"@type":"WebPage","@id":"https:\/\/vi2vals-immigration.ca\/un-nouveau-bureau-de-visas-canadiens-a-yaounde-cameroun-pourrait-etre-ouvert\/","url":"https:\/\/vi2vals-immigration.ca\/un-nouveau-bureau-de-visas-canadiens-a-yaounde-cameroun-pourrait-etre-ouvert\/","name":"Un nouveau\u00a0 bureau de visas canadiens \u00e0 Yaound\u00e9 (Cameroun) pourrait \u00eatre ouvert - Vi2vals-Immigration","isPartOf":{"@id":"https:\/\/vi2vals-immigration.ca\/#website"},"datePublished":"2022-07-26T05:23:51+00:00","dateModified":"2022-08-09T05:51:04+00:00","breadcrumb":{"@id":"https:\/\/vi2vals-immigration.ca\/un-nouveau-bureau-de-visas-canadiens-a-yaounde-cameroun-pourrait-etre-ouvert\/#breadcrumb"},"inLanguage":"en-GB","potentialAction":[{"@type":"ReadAction","target":["https:\/\/vi2vals-immigration.ca\/un-nouveau-bureau-de-visas-canadiens-a-yaounde-cameroun-pourrait-etre-ouvert\/"]}]},{"@type":"BreadcrumbList","@id":"https:\/\/vi2vals-immigration.ca\/un-nouveau-bureau-de-visas-canadiens-a-yaounde-cameroun-pourrait-etre-ouvert\/#breadcrumb","itemListElement":[{"@type":"ListItem","position":1,"name":"Accueil","item":"https:\/\/vi2vals-immigration.ca\/"},{"@type":"ListItem","position":2,"name":"Un nouveau\u00a0 bureau de visas canadiens \u00e0 Yaound\u00e9 (Cameroun) pourrait \u00eatre ouvert"}]},{"@type":"WebSite","@id":"https:\/\/vi2vals-immigration.ca\/#website","url":"https:\/\/vi2vals-immigration.ca\/","name":"Vi2vals-Immigration","description":"votre projet de A \u00e0 Z","publisher":{"@id":"https:\/\/vi2vals-immigration.ca\/#organization"},"potentialAction":[{"@type":"SearchAction","target":{"@type":"EntryPoint","urlTemplate":"https:\/\/vi2vals-immigration.ca\/?s={search_term_string}"},"query-input":"required name=search_term_string"}],"inLanguage":"en-GB"},{"@type":"Organization","@id":"https:\/\/vi2vals-immigration.ca\/#organization","name":"Vi2vals Immigration Inc.","url":"https:\/\/vi2vals-immigration.ca\/","logo":{"@type":"ImageObject","inLanguage":"en-GB","@id":"https:\/\/vi2vals-immigration.ca\/#\/schema\/logo\/image\/","url":"https:\/\/vi2vals-immigration.ca\/wp-content\/uploads\/2022\/01\/logoSEO.jpeg","contentUrl":"https:\/\/vi2vals-immigration.ca\/wp-content\/uploads\/2022\/01\/logoSEO.jpeg","width":363,"height":363,"caption":"Vi2vals Immigration Inc."},"image":{"@id":"https:\/\/vi2vals-immigration.ca\/#\/schema\/logo\/image\/"},"sameAs":["https:\/\/www.facebook.com\/Vi2ValsImmigration"]},{"@type":"Person","@id":"https:\/\/vi2vals-immigration.ca\/#\/schema\/person\/12a624fbb6d317f2baeb90f2de4637fa","name":"vi2vals","image":{"@type":"ImageObject","inLanguage":"en-GB","@id":"https:\/\/vi2vals-immigration.ca\/#\/schema\/person\/image\/","url":"https:\/\/secure.gravatar.com\/avatar\/6209a4e166c2891a99b275cddfee1957957e3b18efa72460138eed412da0ea55?s=96&d=mm&r=g","contentUrl":"https:\/\/secure.gravatar.com\/avatar\/6209a4e166c2891a99b275cddfee1957957e3b18efa72460138eed412da0ea55?s=96&d=mm&r=g","caption":"vi2vals"},"sameAs":["https:\/\/vi2vals-immigration.ca"],"url":"https:\/\/vi2vals-immigration.ca\/en\/author\/vi2vals\/"}]}},"_links":{"self":[{"href":"https:\/\/vi2vals-immigration.ca\/en\/wp-json\/wp\/v2\/posts\/4213","targetHints":{"allow":["GET"]}}],"collection":[{"href":"https:\/\/vi2vals-immigration.ca\/en\/wp-json\/wp\/v2\/posts"}],"about":[{"href":"https:\/\/vi2vals-immigration.ca\/en\/wp-json\/wp\/v2\/types\/post"}],"author":[{"embeddable":true,"href":"https:\/\/vi2vals-immigration.ca\/en\/wp-json\/wp\/v2\/users\/1"}],"replies":[{"embeddable":true,"href":"https:\/\/vi2vals-immigration.ca\/en\/wp-json\/wp\/v2\/comments?post=4213"}],"version-history":[{"count":8,"href":"https:\/\/vi2vals-immigration.ca\/en\/wp-json\/wp\/v2\/posts\/4213\/revisions"}],"predecessor-version":[{"id":4390,"href":"https:\/\/vi2vals-immigration.ca\/en\/wp-json\/wp\/v2\/posts\/4213\/revisions\/4390"}],"wp:featuredmedia":[{"embeddable":true,"href":"https:\/\/vi2vals-immigration.ca\/en\/wp-json\/wp\/v2\/media\/4224"}],"wp:attachment":[{"href":"https:\/\/vi2vals-immigration.ca\/en\/wp-json\/wp\/v2\/media?parent=4213"}],"wp:term":[{"taxonomy":"category","embeddable":true,"href":"https:\/\/vi2vals-immigration.ca\/en\/wp-json\/wp\/v2\/categories?post=4213"},{"taxonomy":"post_tag","embeddable":true,"href":"https:\/\/vi2vals-immigration.ca\/en\/wp-json\/wp\/v2\/tags?post=4213"}],"curies":[{"name":"wp","href":"https:\/\/api.w.org\/{rel}","templated":true}]}}