{"id":3902,"date":"2022-04-25T07:29:49","date_gmt":"2022-04-25T05:29:49","guid":{"rendered":"https:\/\/vi2vals-immigration.ca\/?p=3902"},"modified":"2022-04-25T08:03:27","modified_gmt":"2022-04-25T06:03:27","slug":"mesures-pour-remedier-a-la-penurie-de-main-doeuvre-au-canada","status":"publish","type":"post","link":"https:\/\/vi2vals-immigration.ca\/en\/mesures-pour-remedier-a-la-penurie-de-main-doeuvre-au-canada\/","title":{"rendered":"New Measures to Address Canada\u2019s Labour Shortage"},"content":{"rendered":"<div data-elementor-type=\"wp-post\" data-elementor-id=\"3902\" class=\"elementor elementor-3902\">\n\t\t\t\t\t\t\t\t\t<section data-particle_enable=\"false\" data-particle-mobile-disabled=\"false\" class=\"elementor-section elementor-top-section elementor-element elementor-element-4b5505f elementor-section-boxed elementor-section-height-default elementor-section-height-default\" data-id=\"4b5505f\" data-element_type=\"section\">\n\t\t\t\t\t\t<div class=\"elementor-container elementor-column-gap-default\">\n\t\t\t\t\t<div class=\"elementor-column elementor-col-100 elementor-top-column elementor-element elementor-element-60803b8\" data-id=\"60803b8\" data-element_type=\"column\">\n\t\t\t<div class=\"elementor-widget-wrap elementor-element-populated\">\n\t\t\t\t\t\t\t\t<div class=\"elementor-element elementor-element-3e82fe2 elementor-widget elementor-widget-text-editor\" data-id=\"3e82fe2\" data-element_type=\"widget\" data-widget_type=\"text-editor.default\">\n\t\t\t\t<div class=\"elementor-widget-container\">\n\t\t\t<style>\/*! elementor - v3.11.0 - 13-02-2023 *\/\n.elementor-widget-text-editor.elementor-drop-cap-view-stacked .elementor-drop-cap{background-color:#818a91;color:#fff}.elementor-widget-text-editor.elementor-drop-cap-view-framed .elementor-drop-cap{color:#818a91;border:3px solid;background-color:transparent}.elementor-widget-text-editor:not(.elementor-drop-cap-view-default) .elementor-drop-cap{margin-top:8px}.elementor-widget-text-editor:not(.elementor-drop-cap-view-default) .elementor-drop-cap-letter{width:1em;height:1em}.elementor-widget-text-editor .elementor-drop-cap{float:left;text-align:center;line-height:1;font-size:50px}.elementor-widget-text-editor .elementor-drop-cap-letter{display:inline-block}<\/style>\t\t\t\t<p>the Minister of Immigration, Refugees and Citizenship wants to resume the express entry selections in the near future and relaunch the invitations to apply for permanent residence in early July.<\/p>\t\t\t\t\t\t<\/div>\n\t\t\t\t<\/div>\n\t\t\t\t\t<\/div>\n\t\t<\/div>\n\t\t\t\t\t\t\t<\/div>\n\t\t<\/section>\n\t\t\t\t<section data-particle_enable=\"false\" data-particle-mobile-disabled=\"false\" class=\"elementor-section elementor-top-section elementor-element elementor-element-ea42316 elementor-section-boxed elementor-section-height-default elementor-section-height-default\" data-id=\"ea42316\" data-element_type=\"section\">\n\t\t\t\t\t\t<div class=\"elementor-container elementor-column-gap-default\">\n\t\t\t\t\t<div class=\"elementor-column elementor-col-100 elementor-top-column elementor-element elementor-element-6029eb6\" data-id=\"6029eb6\" data-element_type=\"column\">\n\t\t\t<div class=\"elementor-widget-wrap elementor-element-populated\">\n\t\t\t\t\t\t\t\t<div class=\"elementor-element elementor-element-e3cbbcd elementor-widget elementor-widget-text-editor\" data-id=\"e3cbbcd\" data-element_type=\"widget\" data-widget_type=\"text-editor.default\">\n\t\t\t\t<div class=\"elementor-widget-container\">\n\t\t\t\t\t\t\t<blockquote><p>\u201cWith the economy growing faster than employers can hire new workers, Canada needs to look at every option so that we have the skills and labour needed to fuel our growth. Immigration will be crucial to easing our labour shortage, and these measures aim to address pressing needs in all sectors across the country, while providing more opportunities for recent graduates and other applicants to build their lives in Canada and continue contributing to our short-term recovery and long-term prosperity.\u201d<\/p><h5>The Honourable Sean Fraser, Minister of Immigration, Refugees and Citizenship<\/h5><\/blockquote>\t\t\t\t\t\t<\/div>\n\t\t\t\t<\/div>\n\t\t\t\t\t<\/div>\n\t\t<\/div>\n\t\t\t\t\t\t\t<\/div>\n\t\t<\/section>\n\t\t\t\t<section data-particle_enable=\"false\" data-particle-mobile-disabled=\"false\" class=\"elementor-section elementor-top-section elementor-element elementor-element-dd7610b elementor-section-boxed elementor-section-height-default elementor-section-height-default\" data-id=\"dd7610b\" data-element_type=\"section\">\n\t\t\t\t\t\t<div class=\"elementor-container elementor-column-gap-default\">\n\t\t\t\t\t<div class=\"elementor-column elementor-col-100 elementor-top-column elementor-element elementor-element-d3da55d\" data-id=\"d3da55d\" data-element_type=\"column\">\n\t\t\t<div class=\"elementor-widget-wrap elementor-element-populated\">\n\t\t\t\t\t\t\t\t<div class=\"elementor-element elementor-element-fe2229e elementor-align-center elementor-widget elementor-widget-button\" data-id=\"fe2229e\" data-element_type=\"widget\" data-widget_type=\"button.default\">\n\t\t\t\t<div class=\"elementor-widget-container\">\n\t\t\t\t\t<div class=\"elementor-button-wrapper\">\n\t\t\t<a href=\"https:\/\/www.canada.ca\/en\/immigration-refugees-citizenship\/news\/2022\/04\/new-measures-to-address-canadas-labour-shortage.html\" target=\"_blank\" class=\"elementor-button-link elementor-button elementor-size-md\" role=\"button\" id=\"mybtnblog\">\n\t\t\t\t\t\t<span class=\"elementor-button-content-wrapper\">\n\t\t\t\t\t\t<span class=\"elementor-button-text\">Follow this news by clicking here<\/span>\n\t\t<\/span>\n\t\t\t\t\t<\/a>\n\t\t<\/div>\n\t\t\t\t<\/div>\n\t\t\t\t<\/div>\n\t\t\t\t\t<\/div>\n\t\t<\/div>\n\t\t\t\t\t\t\t<\/div>\n\t\t<\/section>\n\t\t\t\t\t\t\t<\/div>","protected":false},"excerpt":{"rendered":"<p>le ministre de l\u2019immigration, des r\u00e9fugi\u00e9s et de la citoyennet\u00e9 veut reprendre les s\u00e9lections dans le cadre d\u2019entr\u00e9e express d&#8217;ici [&hellip;]<\/p>","protected":false},"author":1,"featured_media":2998,"comment_status":"closed","ping_status":"closed","sticky":false,"template":"","format":"standard","meta":{"footnotes":""},"categories":[3],"tags":[],"class_list":["post-3902","post","type-post","status-publish","format-standard","has-post-thumbnail","hentry","category-immigration"],"yoast_head":"<!-- This site is optimized with the Yoast SEO plugin v20.1 - https:\/\/yoast.com\/wordpress\/plugins\/seo\/ -->\n<title>Nouvelles mesures pour rem\u00e9dier \u00e0 la p\u00e9nurie de main-d\u2019\u0153uvre au Canada - Vi2vals-Immigration<\/title>\n<meta name=\"description\" content=\"Nouvelles mesures pour rem\u00e9dier \u00e0 la p\u00e9nurie de main-d\u2019\u0153uvre au Canada.D\u00e8s le d\u00e9but du mois de juillet les invitations \u00e0 pr\u00e9senter une demande\" \/>\n<meta name=\"robots\" content=\"index, follow, max-snippet:-1, max-image-preview:large, max-video-preview:-1\" \/>\n<link rel=\"canonical\" href=\"https:\/\/vi2vals-immigration.ca\/en\/mesures-pour-remedier-a-la-penurie-de-main-doeuvre-au-canada\/\" \/>\n<meta property=\"og:locale\" content=\"en_GB\" \/>\n<meta property=\"og:type\" content=\"article\" \/>\n<meta property=\"og:title\" content=\"Nouvelles mesures pour rem\u00e9dier \u00e0 la p\u00e9nurie de main-d\u2019\u0153uvre au Canada\" \/>\n<meta property=\"og:description\" content=\"Nouvelles mesures pour rem\u00e9dier \u00e0 la p\u00e9nurie de main-d\u2019\u0153uvre au Canada . l\u2019honorable Sean Fraser, ministre de l\u2019Immigration, des R\u00e9fugi\u00e9s et de la Citoyennet\u00e9, a annonc\u00e9 que les s\u00e9lections dans le cadre d\u2019Entr\u00e9e express reprendront bient\u00f4t et que les invitations pour que des candidats pr\u00e9sentent des demandes de r\u00e9sidence permanente d\u00e9buteront au d\u00e9but de juillet.\" \/>\n<meta property=\"og:url\" content=\"https:\/\/vi2vals-immigration.ca\/en\/mesures-pour-remedier-a-la-penurie-de-main-doeuvre-au-canada\/\" \/>\n<meta property=\"og:site_name\" content=\"Vi2vals-Immigration\" \/>\n<meta property=\"article:publisher\" content=\"https:\/\/www.facebook.com\/Vi2ValsImmigration\" \/>\n<meta property=\"article:published_time\" content=\"2022-04-25T05:29:49+00:00\" \/>\n<meta property=\"article:modified_time\" content=\"2022-04-25T06:03:27+00:00\" \/>\n<meta property=\"og:image\" content=\"https:\/\/vi2vals-immigration.ca\/wp-content\/uploads\/2021\/09\/travailleurs.jpg\" \/>\n\t<meta property=\"og:image:width\" content=\"750\" \/>\n\t<meta property=\"og:image:height\" content=\"480\" \/>\n\t<meta property=\"og:image:type\" content=\"image\/jpeg\" \/>\n<meta name=\"author\" content=\"vi2vals\" \/>\n<meta name=\"twitter:card\" content=\"summary_large_image\" \/>\n<meta name=\"twitter:label1\" content=\"Written by\" \/>\n\t<meta name=\"twitter:data1\" content=\"vi2vals\" \/>\n\t<meta name=\"twitter:label2\" content=\"Estimated reading time\" \/>\n\t<meta name=\"twitter:data2\" content=\"1 minute\" \/>\n<script type=\"application\/ld+json\" class=\"yoast-schema-graph\">{\"@context\":\"https:\/\/schema.org\",\"@graph\":[{\"@type\":\"Article\",\"@id\":\"https:\/\/vi2vals-immigration.ca\/mesures-pour-remedier-a-la-penurie-de-main-doeuvre-au-canada\/#article\",\"isPartOf\":{\"@id\":\"https:\/\/vi2vals-immigration.ca\/mesures-pour-remedier-a-la-penurie-de-main-doeuvre-au-canada\/\"},\"author\":{\"name\":\"vi2vals\",\"@id\":\"https:\/\/vi2vals-immigration.ca\/#\/schema\/person\/12a624fbb6d317f2baeb90f2de4637fa\"},\"headline\":\"Nouvelles mesures pour rem\u00e9dier \u00e0 la p\u00e9nurie de main-d\u2019\u0153uvre au Canada\",\"datePublished\":\"2022-04-25T05:29:49+00:00\",\"dateModified\":\"2022-04-25T06:03:27+00:00\",\"mainEntityOfPage\":{\"@id\":\"https:\/\/vi2vals-immigration.ca\/mesures-pour-remedier-a-la-penurie-de-main-doeuvre-au-canada\/\"},\"wordCount\":191,\"publisher\":{\"@id\":\"https:\/\/vi2vals-immigration.ca\/#organization\"},\"articleSection\":[\"Immigration\"],\"inLanguage\":\"en-GB\"},{\"@type\":\"WebPage\",\"@id\":\"https:\/\/vi2vals-immigration.ca\/mesures-pour-remedier-a-la-penurie-de-main-doeuvre-au-canada\/\",\"url\":\"https:\/\/vi2vals-immigration.ca\/mesures-pour-remedier-a-la-penurie-de-main-doeuvre-au-canada\/\",\"name\":\"Nouvelles mesures pour rem\u00e9dier \u00e0 la p\u00e9nurie de main-d\u2019\u0153uvre au Canada - Vi2vals-Immigration\",\"isPartOf\":{\"@id\":\"https:\/\/vi2vals-immigration.ca\/#website\"},\"datePublished\":\"2022-04-25T05:29:49+00:00\",\"dateModified\":\"2022-04-25T06:03:27+00:00\",\"description\":\"Nouvelles mesures pour rem\u00e9dier \u00e0 la p\u00e9nurie de main-d\u2019\u0153uvre au Canada.D\u00e8s le d\u00e9but du mois de juillet les invitations \u00e0 pr\u00e9senter une demande\",\"breadcrumb\":{\"@id\":\"https:\/\/vi2vals-immigration.ca\/mesures-pour-remedier-a-la-penurie-de-main-doeuvre-au-canada\/#breadcrumb\"},\"inLanguage\":\"en-GB\",\"potentialAction\":[{\"@type\":\"ReadAction\",\"target\":[\"https:\/\/vi2vals-immigration.ca\/mesures-pour-remedier-a-la-penurie-de-main-doeuvre-au-canada\/\"]}]},{\"@type\":\"BreadcrumbList\",\"@id\":\"https:\/\/vi2vals-immigration.ca\/mesures-pour-remedier-a-la-penurie-de-main-doeuvre-au-canada\/#breadcrumb\",\"itemListElement\":[{\"@type\":\"ListItem\",\"position\":1,\"name\":\"Accueil\",\"item\":\"https:\/\/vi2vals-immigration.ca\/\"},{\"@type\":\"ListItem\",\"position\":2,\"name\":\"Nouvelles mesures pour rem\u00e9dier \u00e0 la p\u00e9nurie de main-d\u2019\u0153uvre au Canada\"}]},{\"@type\":\"WebSite\",\"@id\":\"https:\/\/vi2vals-immigration.ca\/#website\",\"url\":\"https:\/\/vi2vals-immigration.ca\/\",\"name\":\"Vi2vals-Immigration\",\"description\":\"votre projet de A \u00e0 Z\",\"publisher\":{\"@id\":\"https:\/\/vi2vals-immigration.ca\/#organization\"},\"potentialAction\":[{\"@type\":\"SearchAction\",\"target\":{\"@type\":\"EntryPoint\",\"urlTemplate\":\"https:\/\/vi2vals-immigration.ca\/?s={search_term_string}\"},\"query-input\":\"required name=search_term_string\"}],\"inLanguage\":\"en-GB\"},{\"@type\":\"Organization\",\"@id\":\"https:\/\/vi2vals-immigration.ca\/#organization\",\"name\":\"Vi2vals Immigration Inc.\",\"url\":\"https:\/\/vi2vals-immigration.ca\/\",\"logo\":{\"@type\":\"ImageObject\",\"inLanguage\":\"en-GB\",\"@id\":\"https:\/\/vi2vals-immigration.ca\/#\/schema\/logo\/image\/\",\"url\":\"https:\/\/vi2vals-immigration.ca\/wp-content\/uploads\/2022\/01\/logoSEO.jpeg\",\"contentUrl\":\"https:\/\/vi2vals-immigration.ca\/wp-content\/uploads\/2022\/01\/logoSEO.jpeg\",\"width\":363,\"height\":363,\"caption\":\"Vi2vals Immigration Inc.\"},\"image\":{\"@id\":\"https:\/\/vi2vals-immigration.ca\/#\/schema\/logo\/image\/\"},\"sameAs\":[\"https:\/\/www.facebook.com\/Vi2ValsImmigration\"]},{\"@type\":\"Person\",\"@id\":\"https:\/\/vi2vals-immigration.ca\/#\/schema\/person\/12a624fbb6d317f2baeb90f2de4637fa\",\"name\":\"vi2vals\",\"image\":{\"@type\":\"ImageObject\",\"inLanguage\":\"en-GB\",\"@id\":\"https:\/\/vi2vals-immigration.ca\/#\/schema\/person\/image\/\",\"url\":\"https:\/\/secure.gravatar.com\/avatar\/6209a4e166c2891a99b275cddfee1957957e3b18efa72460138eed412da0ea55?s=96&d=mm&r=g\",\"contentUrl\":\"https:\/\/secure.gravatar.com\/avatar\/6209a4e166c2891a99b275cddfee1957957e3b18efa72460138eed412da0ea55?s=96&d=mm&r=g\",\"caption\":\"vi2vals\"},\"sameAs\":[\"https:\/\/vi2vals-immigration.ca\"],\"url\":\"https:\/\/vi2vals-immigration.ca\/en\/author\/vi2vals\/\"}]}<\/script>\n<!-- \/ Yoast SEO plugin. -->","yoast_head_json":{"title":"Nouvelles mesures pour rem\u00e9dier \u00e0 la p\u00e9nurie de main-d\u2019\u0153uvre au Canada - Vi2vals-Immigration","description":"Nouvelles mesures pour rem\u00e9dier \u00e0 la p\u00e9nurie de main-d\u2019\u0153uvre au Canada.D\u00e8s le d\u00e9but du mois de juillet les invitations \u00e0 pr\u00e9senter une demande","robots":{"index":"index","follow":"follow","max-snippet":"max-snippet:-1","max-image-preview":"max-image-preview:large","max-video-preview":"max-video-preview:-1"},"canonical":"https:\/\/vi2vals-immigration.ca\/en\/mesures-pour-remedier-a-la-penurie-de-main-doeuvre-au-canada\/","og_locale":"en_GB","og_type":"article","og_title":"Nouvelles mesures pour rem\u00e9dier \u00e0 la p\u00e9nurie de main-d\u2019\u0153uvre au Canada","og_description":"Nouvelles mesures pour rem\u00e9dier \u00e0 la p\u00e9nurie de main-d\u2019\u0153uvre au Canada . l\u2019honorable Sean Fraser, ministre de l\u2019Immigration, des R\u00e9fugi\u00e9s et de la Citoyennet\u00e9, a annonc\u00e9 que les s\u00e9lections dans le cadre d\u2019Entr\u00e9e express reprendront bient\u00f4t et que les invitations pour que des candidats pr\u00e9sentent des demandes de r\u00e9sidence permanente d\u00e9buteront au d\u00e9but de juillet.","og_url":"https:\/\/vi2vals-immigration.ca\/en\/mesures-pour-remedier-a-la-penurie-de-main-doeuvre-au-canada\/","og_site_name":"Vi2vals-Immigration","article_publisher":"https:\/\/www.facebook.com\/Vi2ValsImmigration","article_published_time":"2022-04-25T05:29:49+00:00","article_modified_time":"2022-04-25T06:03:27+00:00","og_image":[{"width":750,"height":480,"url":"https:\/\/vi2vals-immigration.ca\/wp-content\/uploads\/2021\/09\/travailleurs.jpg","type":"image\/jpeg"}],"author":"vi2vals","twitter_card":"summary_large_image","twitter_misc":{"Written by":"vi2vals","Estimated reading time":"1 minute"},"schema":{"@context":"https:\/\/schema.org","@graph":[{"@type":"Article","@id":"https:\/\/vi2vals-immigration.ca\/mesures-pour-remedier-a-la-penurie-de-main-doeuvre-au-canada\/#article","isPartOf":{"@id":"https:\/\/vi2vals-immigration.ca\/mesures-pour-remedier-a-la-penurie-de-main-doeuvre-au-canada\/"},"author":{"name":"vi2vals","@id":"https:\/\/vi2vals-immigration.ca\/#\/schema\/person\/12a624fbb6d317f2baeb90f2de4637fa"},"headline":"Nouvelles mesures pour rem\u00e9dier \u00e0 la p\u00e9nurie de main-d\u2019\u0153uvre au Canada","datePublished":"2022-04-25T05:29:49+00:00","dateModified":"2022-04-25T06:03:27+00:00","mainEntityOfPage":{"@id":"https:\/\/vi2vals-immigration.ca\/mesures-pour-remedier-a-la-penurie-de-main-doeuvre-au-canada\/"},"wordCount":191,"publisher":{"@id":"https:\/\/vi2vals-immigration.ca\/#organization"},"articleSection":["Immigration"],"inLanguage":"en-GB"},{"@type":"WebPage","@id":"https:\/\/vi2vals-immigration.ca\/mesures-pour-remedier-a-la-penurie-de-main-doeuvre-au-canada\/","url":"https:\/\/vi2vals-immigration.ca\/mesures-pour-remedier-a-la-penurie-de-main-doeuvre-au-canada\/","name":"Nouvelles mesures pour rem\u00e9dier \u00e0 la p\u00e9nurie de main-d\u2019\u0153uvre au Canada - Vi2vals-Immigration","isPartOf":{"@id":"https:\/\/vi2vals-immigration.ca\/#website"},"datePublished":"2022-04-25T05:29:49+00:00","dateModified":"2022-04-25T06:03:27+00:00","description":"Nouvelles mesures pour rem\u00e9dier \u00e0 la p\u00e9nurie de main-d\u2019\u0153uvre au Canada.D\u00e8s le d\u00e9but du mois de juillet les invitations \u00e0 pr\u00e9senter une demande","breadcrumb":{"@id":"https:\/\/vi2vals-immigration.ca\/mesures-pour-remedier-a-la-penurie-de-main-doeuvre-au-canada\/#breadcrumb"},"inLanguage":"en-GB","potentialAction":[{"@type":"ReadAction","target":["https:\/\/vi2vals-immigration.ca\/mesures-pour-remedier-a-la-penurie-de-main-doeuvre-au-canada\/"]}]},{"@type":"BreadcrumbList","@id":"https:\/\/vi2vals-immigration.ca\/mesures-pour-remedier-a-la-penurie-de-main-doeuvre-au-canada\/#breadcrumb","itemListElement":[{"@type":"ListItem","position":1,"name":"Accueil","item":"https:\/\/vi2vals-immigration.ca\/"},{"@type":"ListItem","position":2,"name":"Nouvelles mesures pour rem\u00e9dier \u00e0 la p\u00e9nurie de main-d\u2019\u0153uvre au Canada"}]},{"@type":"WebSite","@id":"https:\/\/vi2vals-immigration.ca\/#website","url":"https:\/\/vi2vals-immigration.ca\/","name":"Vi2vals-Immigration","description":"votre projet de A \u00e0 Z","publisher":{"@id":"https:\/\/vi2vals-immigration.ca\/#organization"},"potentialAction":[{"@type":"SearchAction","target":{"@type":"EntryPoint","urlTemplate":"https:\/\/vi2vals-immigration.ca\/?s={search_term_string}"},"query-input":"required name=search_term_string"}],"inLanguage":"en-GB"},{"@type":"Organization","@id":"https:\/\/vi2vals-immigration.ca\/#organization","name":"Vi2vals Immigration Inc.","url":"https:\/\/vi2vals-immigration.ca\/","logo":{"@type":"ImageObject","inLanguage":"en-GB","@id":"https:\/\/vi2vals-immigration.ca\/#\/schema\/logo\/image\/","url":"https:\/\/vi2vals-immigration.ca\/wp-content\/uploads\/2022\/01\/logoSEO.jpeg","contentUrl":"https:\/\/vi2vals-immigration.ca\/wp-content\/uploads\/2022\/01\/logoSEO.jpeg","width":363,"height":363,"caption":"Vi2vals Immigration Inc."},"image":{"@id":"https:\/\/vi2vals-immigration.ca\/#\/schema\/logo\/image\/"},"sameAs":["https:\/\/www.facebook.com\/Vi2ValsImmigration"]},{"@type":"Person","@id":"https:\/\/vi2vals-immigration.ca\/#\/schema\/person\/12a624fbb6d317f2baeb90f2de4637fa","name":"vi2vals","image":{"@type":"ImageObject","inLanguage":"en-GB","@id":"https:\/\/vi2vals-immigration.ca\/#\/schema\/person\/image\/","url":"https:\/\/secure.gravatar.com\/avatar\/6209a4e166c2891a99b275cddfee1957957e3b18efa72460138eed412da0ea55?s=96&d=mm&r=g","contentUrl":"https:\/\/secure.gravatar.com\/avatar\/6209a4e166c2891a99b275cddfee1957957e3b18efa72460138eed412da0ea55?s=96&d=mm&r=g","caption":"vi2vals"},"sameAs":["https:\/\/vi2vals-immigration.ca"],"url":"https:\/\/vi2vals-immigration.ca\/en\/author\/vi2vals\/"}]}},"_links":{"self":[{"href":"https:\/\/vi2vals-immigration.ca\/en\/wp-json\/wp\/v2\/posts\/3902","targetHints":{"allow":["GET"]}}],"collection":[{"href":"https:\/\/vi2vals-immigration.ca\/en\/wp-json\/wp\/v2\/posts"}],"about":[{"href":"https:\/\/vi2vals-immigration.ca\/en\/wp-json\/wp\/v2\/types\/post"}],"author":[{"embeddable":true,"href":"https:\/\/vi2vals-immigration.ca\/en\/wp-json\/wp\/v2\/users\/1"}],"replies":[{"embeddable":true,"href":"https:\/\/vi2vals-immigration.ca\/en\/wp-json\/wp\/v2\/comments?post=3902"}],"version-history":[{"count":5,"href":"https:\/\/vi2vals-immigration.ca\/en\/wp-json\/wp\/v2\/posts\/3902\/revisions"}],"predecessor-version":[{"id":4030,"href":"https:\/\/vi2vals-immigration.ca\/en\/wp-json\/wp\/v2\/posts\/3902\/revisions\/4030"}],"wp:featuredmedia":[{"embeddable":true,"href":"https:\/\/vi2vals-immigration.ca\/en\/wp-json\/wp\/v2\/media\/2998"}],"wp:attachment":[{"href":"https:\/\/vi2vals-immigration.ca\/en\/wp-json\/wp\/v2\/media?parent=3902"}],"wp:term":[{"taxonomy":"category","embeddable":true,"href":"https:\/\/vi2vals-immigration.ca\/en\/wp-json\/wp\/v2\/categories?post=3902"},{"taxonomy":"post_tag","embeddable":true,"href":"https:\/\/vi2vals-immigration.ca\/en\/wp-json\/wp\/v2\/tags?post=3902"}],"curies":[{"name":"wp","href":"https:\/\/api.w.org\/{rel}","templated":true}]}}